{"id":1135,"date":"2014-04-28T17:44:51","date_gmt":"2014-04-28T15:44:51","guid":{"rendered":"http:\/\/skjutbanan.com\/?p=1135"},"modified":"2014-09-10T12:00:09","modified_gmt":"2014-09-10T10:00:09","slug":"arets-korthalls-sasong-har-borjat","status":"publish","type":"post","link":"http:\/\/skjutbanan.com\/?p=1135","title":{"rendered":"\u00c5rets korth\u00e5lls s\u00e4song har b\u00f6rjat"},"content":{"rendered":"<p><strong>Efter en l\u00e5ng och mild vinter har vi nu f\u00e5tt njuta av solstr\u00e5larna och korth\u00e5llsb\u00f6ssan har tagits fram f\u00f6r ytterligare en t\u00e4vlingss\u00e4song. Men det \u00e4r flera saker vi m\u00e5ste titta p\u00e5 f\u00f6r att det skall bli en lyckad start. H\u00e4r under f\u00f6ljer v\u00e5r tipsruta som f\u00f6ljer med oss sedan tidigare \u00e5r.\u00a0<\/strong><\/p>\n<p><img decoding=\"async\" loading=\"lazy\" class=\"alignleft\" src=\"http:\/\/media.skjutbanan.com\/2012\/02\/gev%C3%A4r.jpeg\" alt=\"gev\u00e4r\" width=\"217\" height=\"145\" \/><\/p>\n<p>&nbsp;<\/p>\n<p>&nbsp;<\/p>\n<p><em><strong>Vi m\u00e5ste \u00e4ven p\u00e5minna Er ungdomar om att ungdomssektionen \u00e4ven i \u00e5r arrangerar ett tr\u00e4ningsl\u00e4ger den 24-25 maj p\u00e5 Rosersbergs banan. Passa p\u00e5 att ta vara p\u00e5 m\u00f6jligheterna att tr\u00e4na med v\u00e5ra &#8221;n\u00e5got \u00e4ldre&#8221; erfarna seniorer p\u00e5 ett sedan som vi tidigare m\u00e4rkt mycket uppskattat\u00a0 kortl\u00e4ger i v\u00e5rt eget l\u00e4n.\u00a0 Mer information finner ni l\u00e4ngst ner .\u00a0<\/strong> <\/em><\/p>\n<p>&nbsp;<\/p>\n<p><!--more--><\/p>\n<p><a href=\"http:\/\/media.skjutbanan.com\/2013\/08\/hasses_tips_ruta.jpg\"><img decoding=\"async\" loading=\"lazy\" src=\"http:\/\/media.skjutbanan.com\/2013\/08\/hasses_tips_ruta.jpg\" alt=\"hasses_tips_ruta\" width=\"612\" height=\"465\" \/><\/a><\/p>\n<p align=\"center\"><strong>Tr\u00e4ningsl\u00e4ger i korth\u00e5ll f\u00f6r l\u00e4nets ungdomar!<\/strong><\/p>\n<p align=\"center\"><b>24 \u2013 25 maj p\u00e5 Rosersbergs skjutbana<\/b><\/p>\n<p><b>Ungdomssektionen planerar en helg f\u00f6r l\u00e4nets ungdomar i korth\u00e5llsskytte, likt den vi hade i Rosersberg f\u00f6rra \u00e5ret. Vi kommer skjuta med rem och alla tre st\u00e4llningar. B\u00e5de nyb\u00f6rjare i rem- och st\u00e4llningsskytte och ni som kommit lite l\u00e4ngre \u00e4r v\u00e4lkomna! Vi tr\u00e4ffas p\u00e5 l\u00f6rdagen efter att f\u00f6rbundsm\u00e4sterskapet i liggande p\u00e5 50m \u00e4r avslutat, vi \u00e5terkommer med tider till de anm\u00e4lda. Vi skjuter, umg\u00e5s, delar erfarenheter och har trevligt fram till s\u00f6ndag eftermiddag. \u00d6vernattning sker i en lokal vid skjutbanan, och m\u00e5ltiderna ordnas av oss. <\/b><b>(F\u00f6rbundsm\u00e4sterskapet p\u00e5 300m liggande g\u00e5r p\u00e5 s\u00f6ndagen, vill man vara med p\u00e5 det \u00e4r det sj\u00e4lvklart helt ok att komma p\u00e5 l\u00e4gret och vara med bara p\u00e5 l\u00f6rdagen.)<\/b><\/p>\n<p><b>Avgift: 150 kr\/deltagare (betalas kontant p\u00e5 l\u00e4gret)<\/b><\/p>\n<p><b>Anm\u00e4lan senast 18 maj till Linda Bergman p\u00e5 076-231 96 55 eller <\/b><a href=\"mailto:linda_bergman@live.se\"><b>linda_bergman@live.se<\/b><\/a><b>. Ange e-mailadress till de anm\u00e4lda skyttarna s\u00e5 vi kan n\u00e5 ut med vidare information. <\/b><\/p>\n<p><b>Ni \u00e4r hj\u00e4rtligt v\u00e4lkomna att h\u00f6ra av er om ni har n\u00e5gra fr\u00e5gor! S\u00e4g till om ni saknar utrustning s\u00e5 f\u00f6rs\u00f6ker vi hj\u00e4lpa till att l\u00e5na ut. Begr\u00e4nsat antal platser. <\/b><\/p>\n<p><b>\u00a0\u00a0\u00a0\u00a0\u00a0\u00a0\u00a0\u00a0\u00a0\u00a0\u00a0\u00a0\u00a0\u00a0\u00a0\u00a0\u00a0\u00a0\u00a0\u00a0\u00a0\u00a0\u00a0\u00a0\u00a0\u00a0\u00a0\u00a0\u00a0\u00a0\u00a0\u00a0\u00a0\u00a0\u00a0\u00a0\u00a0\u00a0\u00a0\u00a0\u00a0 Hoppas vi ses i Rosersberg 24-25 maj!<\/b><\/p>\n<p><b>Mvh Ungdomssektionen i Stockholms skyttesportf\u00f6rbund <img decoding=\"async\" loading=\"lazy\" src=\"http:\/\/media.skjutbanan.com\/2011\/04\/tranare2003_615pixel-300x73.jpg\" alt=\"tr\u00e4nnare\" width=\"266\" height=\"64\" \/><\/b><b><img decoding=\"async\" loading=\"lazy\" class=\"alignleft\" src=\"http:\/\/media.skjutbanan.com\/2012\/02\/1003_ammo_150.jpg\" alt=\"1003_ammo_150\" width=\"150\" height=\"150\" \/><\/b><\/p>\n","protected":false},"excerpt":{"rendered":"<p>Efter en l\u00e5ng och mild vinter har vi nu f\u00e5tt njuta av solstr\u00e5larna och korth\u00e5llsb\u00f6ssan har tagits fram f\u00f6r ytterligare en t\u00e4vlingss\u00e4song. Men det \u00e4r flera saker vi m\u00e5ste titta p\u00e5 f\u00f6r att det skall bli en lyckad start. H\u00e4r under f\u00f6ljer v\u00e5r tipsruta som f\u00f6ljer med oss sedan tidigare \u00e5r.\u00a0 &nbsp; &nbsp; Vi m\u00e5ste [&hellip;]<\/p>\n","protected":false},"author":2,"featured_media":0,"comment_status":"closed","ping_status":"closed","sticky":false,"template":"","format":"standard","meta":[],"categories":[4],"tags":[],"_links":{"self":[{"href":"http:\/\/skjutbanan.com\/index.php?rest_route=\/wp\/v2\/posts\/1135"}],"collection":[{"href":"http:\/\/skjutbanan.com\/index.php?rest_route=\/wp\/v2\/posts"}],"about":[{"href":"http:\/\/skjutbanan.com\/index.php?rest_route=\/wp\/v2\/types\/post"}],"author":[{"embeddable":true,"href":"http:\/\/skjutbanan.com\/index.php?rest_route=\/wp\/v2\/users\/2"}],"replies":[{"embeddable":true,"href":"http:\/\/skjutbanan.com\/index.php?rest_route=%2Fwp%2Fv2%2Fcomments&post=1135"}],"version-history":[{"count":10,"href":"http:\/\/skjutbanan.com\/index.php?rest_route=\/wp\/v2\/posts\/1135\/revisions"}],"predecessor-version":[{"id":1189,"href":"http:\/\/skjutbanan.com\/index.php?rest_route=\/wp\/v2\/posts\/1135\/revisions\/1189"}],"wp:attachment":[{"href":"http:\/\/skjutbanan.com\/index.php?rest_route=%2Fwp%2Fv2%2Fmedia&parent=1135"}],"wp:term":[{"taxonomy":"category","embeddable":true,"href":"http:\/\/skjutbanan.com\/index.php?rest_route=%2Fwp%2Fv2%2Fcategories&post=1135"},{"taxonomy":"post_tag","embeddable":true,"href":"http:\/\/skjutbanan.com\/index.php?rest_route=%2Fwp%2Fv2%2Ftags&post=1135"}],"curies":[{"name":"wp","href":"https:\/\/api.w.org\/{rel}","templated":true}]}}