{"id":1221,"date":"2015-01-01T20:55:17","date_gmt":"2015-01-01T18:55:17","guid":{"rendered":"http:\/\/skjutbanan.com\/?p=1221"},"modified":"2015-01-29T19:23:09","modified_gmt":"2015-01-29T17:23:09","slug":"nominering-av-ungdomsledare-genom-gregers-minnesfond","status":"publish","type":"post","link":"http:\/\/skjutbanan.com\/?p=1221","title":{"rendered":"Nominering av ungdomsledare genom Greger \u00c5kesson och Sigge Sj\u00f6strands minnesfond"},"content":{"rendered":"<p>&nbsp;<\/p>\n<p><span style=\"font-size: large;\"><b>Hej Alla ungdomsf\u00f6reningar i l\u00e4net<\/b><\/span><\/p>\n<p>Som Ni kanske vet har Gregers minnesfond under ett antal \u00e5r haft sv\u00e5rt att fungera som det var t\u00e4nkt fr\u00e5n b\u00f6rjan. Minnesfonden har drivits utav fr\u00e4mst Sigge Sj\u00f6strand.<\/p>\n<p><strong>Nyligen fick vi tyv\u00e4rr h\u00f6ra att Sigge Sj\u00f6strand stilla somnat in p\u00e5 Danderyds sjukhus den 23 dec. Begravning \u00e4r best\u00e4md till den 29 jan 2015, 13;30 J\u00e4rf\u00e4lla kyrka. F\u00f6rbundskontot 221495-5 st\u00e5r \u00f6ppet f\u00f6r &#8221;minnesfonden&#8221;, skriv Sigges minnesfond p\u00e5 talongen.<img decoding=\"async\" loading=\"lazy\" class=\"attachment-266x266 alignright\" src=\"http:\/\/media.skjutbanan.com\/2015\/01\/bild-sigges-bukett-28-jan-2015-225x300.jpg\" alt=\"bild sigges bukett 28 jan 2015\" width=\"200\" height=\"266\" \/><\/strong><\/p>\n<p>Vi p\u00e5 ABu tyckte det skulle vara synd att l\u00e4gga ner fonden och dess syfte och kommer d\u00e4rf\u00f6r att ta \u00f6ver ansvaret f\u00f6r minnesfonden n\u00e5gra \u00e5r fram\u00f6ver. Vi kommer \u00e4ven passa p\u00e5 att \u00e4ndra lite p\u00e5 utgivningsreglerna och \u00e4ven skjuta till lite pengar varje \u00e5r f\u00f6r att lyfta intresset inom l\u00e4net.<\/p>\n<p>B\u00e5de Greger \u00c5kesson och Sigge Sj\u00f6strand var verksamma och h\u00e4ngivna ungdomsledare i J\u00e4rf\u00e4lla skyttegille. Efter att ha pratat med Sigurds dotter best\u00e4mdes det att vi efter \u00f6vertagandet av fonden d\u00f6per om den till .<\/p>\n<p>&nbsp;<\/p>\n<p>&#8221;Greger \u00c5kesson och Sigge Sj\u00f6strands minnesfond&#8221;<\/p>\n<p>&nbsp;<\/p>\n<p>Inf\u00f6r varje \u00e5rsskifte kommer vi att ber Er d\u00e4r ute i f\u00f6reningarna att skicka in nomineringar p\u00e5 de unga ungdomsledare som p\u00e5 ett utm\u00e4rkt och f\u00f6reningsinstruktivt s\u00e4tt st\u00e4llt upp f\u00f6r att gynna v\u00e5r sport och vara en given l\u00e4nk mellan de \u00e4ldre ledarna och ungdomsskyttarna i f\u00f6reningen.<br \/>\nDen nominerade ungdomsledaren skall ha st\u00e4llt upp p\u00e5 ett betydande s\u00e4tt f\u00f6r den egna f\u00f6reningen.<br \/>\n(finns det \u00e4ldre ledare som Ni tycker skall uppm\u00e4rksammas, passar Ni p\u00e5 att ber\u00e4tta lite om det \u00e5xs\u00e5)Med ett enkelt brev som skickades in till ungdomsf\u00f6rbundets kansli <b>senast den sista december,\u00a0 f\u00f6rbundet har st\u00e4ngt l\u00e5dan f\u00f6r denna g\u00e5ngen<\/b><br \/>\nEn liten grupp som sitter som styrelse f\u00f6r fonden kommer sen att utse ett par utav de nu ins\u00e4nda f\u00f6rslagen som skall tilldelas en premie f\u00f6r sin fina ledarinsatser. Premien delas sen ut i i b\u00f6rjan av v\u00e5r terminen.<\/p>\n<p>&#8212;<br \/>\n<b><a href=\"http:\/\/media.skjutbanan.com\/2012\/04\/isak1.jpg\"><img decoding=\"async\" loading=\"lazy\" class=\"alignnone wp-image-423\" src=\"http:\/\/media.skjutbanan.com\/2012\/04\/isak1.jpg\" alt=\"isak\" width=\"400\" height=\"228\" \/><\/a><\/b><br \/>\n<i><b>V\u00e4nliga skytte H\u00e4lsningar;<\/b><\/i><\/p>\n<p><b><i>Bo Gillgren<\/i><\/b><br \/>\n<b>Stockholms l\u00e4ns ungdomsskyttef\u00f6rbund<br \/>\n<\/b><\/p>\n","protected":false},"excerpt":{"rendered":"<p>&nbsp; Hej Alla ungdomsf\u00f6reningar i l\u00e4net Som Ni kanske vet har Gregers minnesfond under ett antal \u00e5r haft sv\u00e5rt att fungera som det var t\u00e4nkt fr\u00e5n b\u00f6rjan. Minnesfonden har drivits utav fr\u00e4mst Sigge Sj\u00f6strand. Nyligen fick vi tyv\u00e4rr h\u00f6ra att Sigge Sj\u00f6strand stilla somnat in p\u00e5 Danderyds sjukhus den 23 dec. Begravning \u00e4r best\u00e4md till [&hellip;]<\/p>\n","protected":false},"author":2,"featured_media":0,"comment_status":"closed","ping_status":"closed","sticky":false,"template":"","format":"standard","meta":[],"categories":[4],"tags":[],"_links":{"self":[{"href":"http:\/\/skjutbanan.com\/index.php?rest_route=\/wp\/v2\/posts\/1221"}],"collection":[{"href":"http:\/\/skjutbanan.com\/index.php?rest_route=\/wp\/v2\/posts"}],"about":[{"href":"http:\/\/skjutbanan.com\/index.php?rest_route=\/wp\/v2\/types\/post"}],"author":[{"embeddable":true,"href":"http:\/\/skjutbanan.com\/index.php?rest_route=\/wp\/v2\/users\/2"}],"replies":[{"embeddable":true,"href":"http:\/\/skjutbanan.com\/index.php?rest_route=%2Fwp%2Fv2%2Fcomments&post=1221"}],"version-history":[{"count":7,"href":"http:\/\/skjutbanan.com\/index.php?rest_route=\/wp\/v2\/posts\/1221\/revisions"}],"predecessor-version":[{"id":1252,"href":"http:\/\/skjutbanan.com\/index.php?rest_route=\/wp\/v2\/posts\/1221\/revisions\/1252"}],"wp:attachment":[{"href":"http:\/\/skjutbanan.com\/index.php?rest_route=%2Fwp%2Fv2%2Fmedia&parent=1221"}],"wp:term":[{"taxonomy":"category","embeddable":true,"href":"http:\/\/skjutbanan.com\/index.php?rest_route=%2Fwp%2Fv2%2Fcategories&post=1221"},{"taxonomy":"post_tag","embeddable":true,"href":"http:\/\/skjutbanan.com\/index.php?rest_route=%2Fwp%2Fv2%2Ftags&post=1221"}],"curies":[{"name":"wp","href":"https:\/\/api.w.org\/{rel}","templated":true}]}}