{"id":1607,"date":"2016-06-06T11:00:14","date_gmt":"2016-06-06T09:00:14","guid":{"rendered":"http:\/\/skjutbanan.com\/?p=1607"},"modified":"2016-06-06T11:00:14","modified_gmt":"2016-06-06T09:00:14","slug":"6-juni-vi-firar-nationaldagen","status":"publish","type":"post","link":"http:\/\/skjutbanan.com\/?p=1607","title":{"rendered":"6 Juni &#8211; Vi firar Nationaldagen"},"content":{"rendered":"<p><img decoding=\"async\" loading=\"lazy\" class=\"attachment-266x266\" src=\"http:\/\/media.skjutbanan.com\/2012\/06\/6-juni-Nationaldagen-kopia.jpg\" alt=\"6 juni Nationaldagen kopia\" width=\"525\" height=\"311\" \/><\/p>\n<p class=\"hide-if-no-js\"><a id=\"set-post-thumbnail\" class=\"thickbox\" href=\"http:\/\/skjutbanan.com\/wp-admin\/media-upload.php?post_id=1577&amp;type=image&amp;TB_iframe=1\"><img decoding=\"async\" loading=\"lazy\" class=\"attachment-266x266  alignleft\" src=\"http:\/\/media.skjutbanan.com\/2015\/06\/v%C3%A5rblommor.jpg\" sizes=\"(max-width: 200px) 100vw, 200px\" srcset=\"http:\/\/media.skjutbanan.com\/2015\/06\/v\u00e5rblommor.jpg 480w, http:\/\/media.skjutbanan.com\/2015\/06\/v\u00e5rblommor-225x300.jpg 225w\" alt=\"v\u00e5rblommor\" width=\"215\" height=\"287\" \/><\/a><\/p>\n<p><em><strong>Vi \u00d6nskar Alla v\u00e5ra ungdomsskyttar och ledare en riktigt sk\u00f6n och avkopplande Nationaldag<\/strong><\/em><\/p>\n<p class=\"hide-if-no-js\"><a class=\"thickbox\" href=\"http:\/\/skjutbanan.com\/wp-admin\/media-upload.php?post_id=1577&amp;type=image&amp;TB_iframe=1\"><img decoding=\"async\" loading=\"lazy\" class=\"attachment-266x266 size-266x266\" src=\"http:\/\/media.skjutbanan.com\/2013\/06\/F3agga_redigerad-1-e1434614391632.jpg\" alt=\"F3agga_redigerad-1\" width=\"150\" height=\"212\" \/><\/a><a id=\"set-post-thumbnail\" class=\"thickbox\" href=\"http:\/\/skjutbanan.com\/wp-admin\/media-upload.php?post_id=1607&amp;type=image&amp;TB_iframe=1\"><img decoding=\"async\" loading=\"lazy\" class=\"attachment-266x266 size-266x266\" src=\"http:\/\/media.skjutbanan.com\/2011\/06\/ABu-f%C3%A4rglogga1.jpg\" alt=\"ABu f\u00e4rglogga\" width=\"81\" height=\"113\" \/><\/a><\/p>\n<p class=\"hide-if-no-js\">\n<p class=\"hide-if-no-js\">\n","protected":false},"excerpt":{"rendered":"<p>Vi \u00d6nskar Alla v\u00e5ra ungdomsskyttar och ledare en riktigt sk\u00f6n och avkopplande Nationaldag<\/p>\n","protected":false},"author":2,"featured_media":0,"comment_status":"closed","ping_status":"closed","sticky":false,"template":"","format":"standard","meta":[],"categories":[4],"tags":[],"_links":{"self":[{"href":"http:\/\/skjutbanan.com\/index.php?rest_route=\/wp\/v2\/posts\/1607"}],"collection":[{"href":"http:\/\/skjutbanan.com\/index.php?rest_route=\/wp\/v2\/posts"}],"about":[{"href":"http:\/\/skjutbanan.com\/index.php?rest_route=\/wp\/v2\/types\/post"}],"author":[{"embeddable":true,"href":"http:\/\/skjutbanan.com\/index.php?rest_route=\/wp\/v2\/users\/2"}],"replies":[{"embeddable":true,"href":"http:\/\/skjutbanan.com\/index.php?rest_route=%2Fwp%2Fv2%2Fcomments&post=1607"}],"version-history":[{"count":3,"href":"http:\/\/skjutbanan.com\/index.php?rest_route=\/wp\/v2\/posts\/1607\/revisions"}],"predecessor-version":[{"id":1610,"href":"http:\/\/skjutbanan.com\/index.php?rest_route=\/wp\/v2\/posts\/1607\/revisions\/1610"}],"wp:attachment":[{"href":"http:\/\/skjutbanan.com\/index.php?rest_route=%2Fwp%2Fv2%2Fmedia&parent=1607"}],"wp:term":[{"taxonomy":"category","embeddable":true,"href":"http:\/\/skjutbanan.com\/index.php?rest_route=%2Fwp%2Fv2%2Fcategories&post=1607"},{"taxonomy":"post_tag","embeddable":true,"href":"http:\/\/skjutbanan.com\/index.php?rest_route=%2Fwp%2Fv2%2Ftags&post=1607"}],"curies":[{"name":"wp","href":"https:\/\/api.w.org\/{rel}","templated":true}]}}