{"id":1880,"date":"2018-04-22T17:30:06","date_gmt":"2018-04-22T15:30:06","guid":{"rendered":"http:\/\/skjutbanan.com\/?p=1880"},"modified":"2018-04-29T12:06:16","modified_gmt":"2018-04-29T10:06:16","slug":"minnesfonden-som-lyfter-fram-vara-trogna-ungdomsledare","status":"publish","type":"post","link":"http:\/\/skjutbanan.com\/?p=1880","title":{"rendered":"Minnesfonden som lyfter fram v\u00e5ra trogna ungdomsledare."},"content":{"rendered":"<p><strong>Minnesfonden f\u00f6r ledare som bildades f\u00f6r att hedra v\u00e5ra ungdomsledare fr\u00e5n J\u00e4rf\u00e4lla, Greger \u00c5kesson och Sigge Sj\u00f6strand hedrar i \u00e5r fyra \u00e4ldre ledare.<\/strong><br \/>\n<strong> F\u00f6r \u00e5ren 2016 samt 2017 tilldelas f\u00f6ljande ungdomsledare f\u00f6r sitt genuina och l\u00e5ngsiktiga ledarskap ett stipendiediplom och ett varmt tack f\u00f6r deras ledarskap. F\u00f6reningens ungdomar har erh\u00e5llit ett gott st\u00f6d och uppmuntran i deras tr\u00e4ning, f\u00f6reningsgemenskap och ledarskap under <\/strong><strong> l\u00e5ng tid som \u00e5terspeglat sig p\u00e5 deras skytteresultat och kamratskap i den egna f\u00f6reningen s\u00e5som i skolan.<\/strong><\/p>\n<p>&nbsp;<\/p>\n<ul>\n<li class=\"hide-if-no-js\"><a class=\"thickbox\" href=\"http:\/\/skjutbanan.com\/wp-admin\/media-upload.php?post_id=1880&amp;type=image&amp;TB_iframe=1\" aria-describedby=\"set-post-thumbnail-desc\"><strong>Utn\u00e4mnda ledare \u00e4r enligt f\u00f6ljande:<\/strong><br \/>\n<em><strong>Arne Borg, Botkyrka ungdomsskytte<\/strong><\/em><\/a><\/li>\n<li class=\"hide-if-no-js\"><a class=\"thickbox\" href=\"http:\/\/skjutbanan.com\/wp-admin\/media-upload.php?post_id=1880&amp;type=image&amp;TB_iframe=1\" aria-describedby=\"set-post-thumbnail-desc\"><em><strong>Gunnar Lindgren, Turinge skyttegille <\/strong><\/em><br \/>\n<em> <strong>Ingemar Axberg, Bromma-Solna Skyttef\u00f6rening<\/strong><\/em><\/a><\/li>\n<li class=\"hide-if-no-js\"><a id=\"set-post-thumbnail\" class=\"thickbox\" href=\"http:\/\/skjutbanan.com\/wp-admin\/media-upload.php?post_id=1880&amp;type=image&amp;TB_iframe=1\" aria-describedby=\"set-post-thumbnail-desc\"> <strong><em>Thomas Tourin, Djur\u00f6 Hv.<\/em><\/strong><\/a><a class=\"thickbox\" href=\"http:\/\/skjutbanan.com\/wp-admin\/media-upload.php?post_id=1880&amp;type=image&amp;TB_iframe=1\" aria-describedby=\"set-post-thumbnail-desc\"><br \/>\n<\/a><\/p>\n<p class=\"hide-if-no-js\">\n<p><a id=\"set-post-thumbnail\" class=\"thickbox\" href=\"http:\/\/skjutbanan.com\/wp-admin\/media-upload.php?post_id=1880&amp;type=image&amp;TB_iframe=1\" aria-describedby=\"set-post-thumbnail-desc\"><\/a><\/li>\n<\/ul>\n<p class=\"hide-if-no-js\"><a class=\"thickbox\" href=\"http:\/\/skjutbanan.com\/wp-admin\/media-upload.php?post_id=1880&amp;type=image&amp;TB_iframe=1\" aria-describedby=\"set-post-thumbnail-desc\"><img decoding=\"async\" loading=\"lazy\" class=\"attachment-266x266 \" src=\"http:\/\/media.skjutbanan.com\/2011\/04\/abu_vapen.gif\" alt=\"\" width=\"134\" height=\"184\" \/><\/a><a class=\"thickbox\" href=\"http:\/\/skjutbanan.com\/wp-admin\/media-upload.php?post_id=1880&amp;type=image&amp;TB_iframe=1\" aria-describedby=\"set-post-thumbnail-desc\"><img decoding=\"async\" loading=\"lazy\" class=\"attachment-266x266 \" src=\"http:\/\/media.skjutbanan.com\/2016\/06\/4242_ledare_5b.jpg\" sizes=\"(max-width: 266px) 100vw, 266px\" srcset=\"http:\/\/media.skjutbanan.com\/2016\/06\/4242_ledare_5b.jpg 1500w, http:\/\/media.skjutbanan.com\/2016\/06\/4242_ledare_5b-300x212.jpg 300w, http:\/\/media.skjutbanan.com\/2016\/06\/4242_ledare_5b-768x543.jpg 768w, http:\/\/media.skjutbanan.com\/2016\/06\/4242_ledare_5b-1024x724.jpg 1024w\" alt=\"\" width=\"265\" height=\"187\" \/><\/a><a id=\"set-post-thumbnail\" class=\"thickbox\" href=\"http:\/\/skjutbanan.com\/wp-admin\/media-upload.php?post_id=1880&amp;type=image&amp;TB_iframe=1\" aria-describedby=\"set-post-thumbnail-desc\"><img decoding=\"async\" loading=\"lazy\" class=\"attachment-266x266  alignleft\" src=\"http:\/\/media.skjutbanan.com\/2018\/04\/diplom-1.jpg\" alt=\"\" width=\"153\" height=\"204\" \/><\/a><\/p>\n<p class=\"hide-if-no-js\">\n<p class=\"hide-if-no-js\">\n<p class=\"hide-if-no-js\">\n","protected":false},"excerpt":{"rendered":"<p>Minnesfonden f\u00f6r ledare som bildades f\u00f6r att hedra v\u00e5ra ungdomsledare fr\u00e5n J\u00e4rf\u00e4lla, Greger \u00c5kesson och Sigge Sj\u00f6strand hedrar i \u00e5r fyra \u00e4ldre ledare. F\u00f6r \u00e5ren 2016 samt 2017 tilldelas f\u00f6ljande ungdomsledare f\u00f6r sitt genuina och l\u00e5ngsiktiga ledarskap ett stipendiediplom och ett varmt tack f\u00f6r deras ledarskap. F\u00f6reningens ungdomar har erh\u00e5llit ett gott st\u00f6d och uppmuntran [&hellip;]<\/p>\n","protected":false},"author":2,"featured_media":0,"comment_status":"closed","ping_status":"closed","sticky":false,"template":"","format":"standard","meta":[],"categories":[4],"tags":[],"_links":{"self":[{"href":"http:\/\/skjutbanan.com\/index.php?rest_route=\/wp\/v2\/posts\/1880"}],"collection":[{"href":"http:\/\/skjutbanan.com\/index.php?rest_route=\/wp\/v2\/posts"}],"about":[{"href":"http:\/\/skjutbanan.com\/index.php?rest_route=\/wp\/v2\/types\/post"}],"author":[{"embeddable":true,"href":"http:\/\/skjutbanan.com\/index.php?rest_route=\/wp\/v2\/users\/2"}],"replies":[{"embeddable":true,"href":"http:\/\/skjutbanan.com\/index.php?rest_route=%2Fwp%2Fv2%2Fcomments&post=1880"}],"version-history":[{"count":8,"href":"http:\/\/skjutbanan.com\/index.php?rest_route=\/wp\/v2\/posts\/1880\/revisions"}],"predecessor-version":[{"id":1892,"href":"http:\/\/skjutbanan.com\/index.php?rest_route=\/wp\/v2\/posts\/1880\/revisions\/1892"}],"wp:attachment":[{"href":"http:\/\/skjutbanan.com\/index.php?rest_route=%2Fwp%2Fv2%2Fmedia&parent=1880"}],"wp:term":[{"taxonomy":"category","embeddable":true,"href":"http:\/\/skjutbanan.com\/index.php?rest_route=%2Fwp%2Fv2%2Fcategories&post=1880"},{"taxonomy":"post_tag","embeddable":true,"href":"http:\/\/skjutbanan.com\/index.php?rest_route=%2Fwp%2Fv2%2Ftags&post=1880"}],"curies":[{"name":"wp","href":"https:\/\/api.w.org\/{rel}","templated":true}]}}