{"id":46,"date":"2010-11-05T21:55:20","date_gmt":"2010-11-05T19:55:20","guid":{"rendered":"http:\/\/skjutbanan.com\/?p=46"},"modified":"2011-04-14T22:13:45","modified_gmt":"2011-04-14T20:13:45","slug":"nu-borjar-det-bli-var","status":"publish","type":"post","link":"http:\/\/skjutbanan.com\/?p=46","title":{"rendered":"Ungdomstr\u00e4ffen p\u00e5 \u00c5land"},"content":{"rendered":"<p>Rapport fr\u00e5n ungdomstr\u00e4ffen och skyttet\u00e4vlingen p\u00e5 \u00c5land 7-8 aug 2010 mellan Svenska Finlands Sporskyttef\u00f6rbund och Stockholms L\u00e4ns Ungdomsskyttef\u00f6rbund.<\/p>\n<p>Efter n\u00e5gra \u00e5rs uppeh\u00e5ll \u00e5terupptogs ungdomsutbytet och Finlandsmatchen mellan v\u00e5ra tv\u00e5 l\u00e4nder. Henry Pantzar har h\u00e5llit tr\u00e5darna f\u00f6r denna t\u00e4vling under m\u00e5nga, m\u00e5nga \u00e5r, och l\u00e4mnade \u00f6ver t\u00e4vlingsledarskapet till A&amp;B skyttef\u00f6rbund under den period som skyttef\u00f6rbundet genomgick ett ekonomiskt st\u00e5lbad och inte hade m\u00f6jlighet att arrangera t\u00e4vlingen. Under de senaste \u00e5ren har den \u00e4rorika t\u00e4vlingen och anrika utbytet d\u00e4rf\u00f6r tyv\u00e4rr uteblivit. Men, med hj\u00e4lp av framf\u00f6r allt bidrag fr\u00e5n Kungl Gustav den V:s fond har ABu nu kunnat arrangera ungdomsutbytet och Finlandsmatchen, som Thomas Trouin, Djur\u00f6 rapporterar fr\u00e5n.<br \/>\nABu hoppas kunna forts\u00e4tta med denna form av &#8221;kunskapsutbyte&#8221; redan n\u00e4stkommande \u00e5r.<\/p>\n<div id=\"attachment_50\" style=\"width: 525px\" class=\"wp-caption alignnone\"><a href=\"http:\/\/media.skjutbanan.com\/2011\/04\/20100808_front.jpg\"><img aria-describedby=\"caption-attachment-50\" decoding=\"async\" loading=\"lazy\" class=\"size-full wp-image-50\" title=\"20100808_front\" src=\"http:\/\/media.skjutbanan.com\/2011\/04\/20100808_front.jpg\" alt=\"\" width=\"515\" height=\"284\" srcset=\"http:\/\/media.skjutbanan.com\/2011\/04\/20100808_front.jpg 515w, http:\/\/media.skjutbanan.com\/2011\/04\/20100808_front-300x165.jpg 300w\" sizes=\"(max-width: 515px) 100vw, 515px\" \/><\/a><p id=\"caption-attachment-50\" class=\"wp-caption-text\">Ungdomstr\u00e4ff p\u00e5 \u00c5land<\/p><\/div>\n","protected":false},"excerpt":{"rendered":"<p>Rapport fr\u00e5n ungdomstr\u00e4ffen och skyttet\u00e4vlingen p\u00e5 \u00c5land 7-8 aug 2010 mellan Svenska Finlands Sporskyttef\u00f6rbund och Stockholms L\u00e4ns Ungdomsskyttef\u00f6rbund. Efter n\u00e5gra \u00e5rs uppeh\u00e5ll \u00e5terupptogs ungdomsutbytet och Finlandsmatchen mellan v\u00e5ra tv\u00e5 l\u00e4nder. Henry Pantzar har h\u00e5llit tr\u00e5darna f\u00f6r denna t\u00e4vling under m\u00e5nga, m\u00e5nga \u00e5r, och l\u00e4mnade \u00f6ver t\u00e4vlingsledarskapet till A&amp;B skyttef\u00f6rbund under den period som skyttef\u00f6rbundet genomgick [&hellip;]<\/p>\n","protected":false},"author":1,"featured_media":0,"comment_status":"closed","ping_status":"closed","sticky":false,"template":"","format":"standard","meta":[],"categories":[4],"tags":[],"_links":{"self":[{"href":"http:\/\/skjutbanan.com\/index.php?rest_route=\/wp\/v2\/posts\/46"}],"collection":[{"href":"http:\/\/skjutbanan.com\/index.php?rest_route=\/wp\/v2\/posts"}],"about":[{"href":"http:\/\/skjutbanan.com\/index.php?rest_route=\/wp\/v2\/types\/post"}],"author":[{"embeddable":true,"href":"http:\/\/skjutbanan.com\/index.php?rest_route=\/wp\/v2\/users\/1"}],"replies":[{"embeddable":true,"href":"http:\/\/skjutbanan.com\/index.php?rest_route=%2Fwp%2Fv2%2Fcomments&post=46"}],"version-history":[{"count":7,"href":"http:\/\/skjutbanan.com\/index.php?rest_route=\/wp\/v2\/posts\/46\/revisions"}],"predecessor-version":[{"id":49,"href":"http:\/\/skjutbanan.com\/index.php?rest_route=\/wp\/v2\/posts\/46\/revisions\/49"}],"wp:attachment":[{"href":"http:\/\/skjutbanan.com\/index.php?rest_route=%2Fwp%2Fv2%2Fmedia&parent=46"}],"wp:term":[{"taxonomy":"category","embeddable":true,"href":"http:\/\/skjutbanan.com\/index.php?rest_route=%2Fwp%2Fv2%2Fcategories&post=46"},{"taxonomy":"post_tag","embeddable":true,"href":"http:\/\/skjutbanan.com\/index.php?rest_route=%2Fwp%2Fv2%2Ftags&post=46"}],"curies":[{"name":"wp","href":"https:\/\/api.w.org\/{rel}","templated":true}]}}